{"id":370,"date":"2017-05-26T10:27:06","date_gmt":"2017-05-26T08:27:06","guid":{"rendered":"http:\/\/www.woodi24.de\/blog\/?p=370"},"modified":"2017-05-26T10:27:06","modified_gmt":"2017-05-26T08:27:06","slug":"terrassen-und-gartenmoebel-winterfest-machen","status":"publish","type":"post","link":"https:\/\/www.woodi24.de\/blog\/terrassen-und-gartenmoebel-winterfest-machen\/","title":{"rendered":"Terrassen und Gartenm\u00f6bel winterfest machen"},"content":{"rendered":"<div class=\"fsn-row full-width-row fsn-6a96bc275c586 light\" style=\"background-repeat:repeat;background-position:left top;background-attachment:scroll;background-size:auto;\"><div class=\"container-fluid\"><div class=\"row\"><div class=\"col-sm-12\"><div class=\"fsn-column-inner fsn-6a96bc275c5c2 light\"><div class=\"fsn-text fsn-6a96bc275c5e4\">\n<p>Der Winter ist f\u00fcr den Garten und das Mobiliar eine harte Herausforderung. Feuchtigkeit, Frost und schlechte Witterungsverh\u00e4ltnisse setzen Pflanzen, Gartenm\u00f6beln und der Terrasse zu. Deshalb sollten sie Ihren Garten winterfest machen. Der Aufwand, der Ihre M\u00f6bel und Terrasse l\u00e4nger halten l\u00e4sst, ist oftmals geringer, als man denkt. Markisen sowie Ihre Pflanzen lassen sich ebenso winterfest machen. Wenn Sie\u00a0die Ma\u00dfnahmen gegen Ende Oktober abgeschlossen haben, sind Ihre Terrasse und deren Einrichtung vor dem ersten Frost gut gesch\u00fctzt.<\/p>\n<\/div><div class=\"fsn-text fsn-6a96bc275c5ea\">\n<h2>Terrassendielen<\/h2>\n<p>Der Schutz Ihrer Terrasse vor dem Winter ist abh\u00e4ngig von der Art der Dielen. WPC, Thermoholz, Hartholz und Nadelholz sind die g\u00e4ngigsten Arten von Terrassendielen. Wood Plastic Composite auch WPC genannt, ist ein Verbundwerkstoff der sich aus Naturfasern und thermoplastischen Kunstoffen zusammensetzt. Diese Art von Dielen hat den geringsten Plegeaufwand. Sie sollten diese lediglich im Fr\u00fchjahr mit Wasser grundreinigen.<\/p>\n<p>Thermoholz-Terrassendielen besitzen ebenfalls eine sehr hohe Haltbarkeit. Holzarten wie Eiche, die thermisch Behandelt wurden, besitzen eine hervorragende Dauerhaftigkeit. Sie sind gegen Feuchtigkeit und Temperaturschwankungen unempfindlich.<\/p>\n<p>Durch eine Pflege\u00f6l-Behandlung bleibt die Ausdruckskraft der Terrassendiele gewahrt und verleiht ihr optisch mehr Tiefe. Ein \u00d6l gleicht ungleichm\u00e4\u00dfige Verf\u00e4rbungen sehr gut aus. Das \u00d6len der Terrasse sollte allerdings im Fr\u00fchjahr oder im Sommer stattfinden, da das \u00d6l Zeit zum Einziehen und zum Trocken braucht. Eine gr\u00fcndliche Reinigung der Dielen, auch bei Nadelholzern und Harth\u00f6lzern, ist Grundvoraussetzung der Pflege. Hersteller empfehlen zweimaliges \u00d6len von Harth\u00f6lzer und Nadelh\u00f6lzern, einmal im Fr\u00fchjahr und einmal im Sp\u00e4tsommer. Spezielle Lasuren und Lacke sch\u00fctzen Nadel- und Harth\u00f6lzer zudem vor Schimmel und Insekten. Die Verwendung der passenden \u00d6le, Lacke und Lasuren f\u00fcr die jeweilige Holzart z.B. Bangkirai, Garapa, Teak oder Kiefer ist sehr wichtig.<\/p>\n<p>Um die Rutschgefahr auf ihrer Terrasse zu senken und um unsch\u00f6ne Flecken zu vermeiden, sollten sie heruntergefallenes Laub sofort entwerfen. Bei Hart- oder Nadelholzdielen gilt das gleiche f\u00fcr Algen und Pilzen die sich gebildet haben.<\/p>\n<\/div><div class=\"fsn-text fsn-6a96bc275c5ee\">\n<h2>Gartenm\u00f6bel<\/h2>\n<p>Eine deutliche Verl\u00e4ngerung der Lebensdauer von Gartenm\u00f6beln kann erreicht werden, wenn Sie diese in der Winterzeit in den Keller oder an einem anderen geeigneten Lagerort unterbringen. Einen \u00e4hnlichen Effekt erzielen Sie mich speziellen Abdeckhauben die vor Frost und Feuchtigkeit sch\u00fctzen. Ebenso wie Holzdielen, lassen sich Holzm\u00f6bel mit Lacken und Lasuren behandeln, um ihre Optik zu bewahren und den Schutz vor tierischen und pflanzlichen Sch\u00e4dlingen zu erh\u00f6hen.<\/p>\n<p>Bevor Sie Gartenm\u00f6bel aus Edelstahl, Aluminium oder Kunststoffgeflecht einlagern, sollten diese gr\u00fcndlich gereinigt werden. Spezielle Reiniger f\u00fcr die jeweiligen Produkte sind ebenfalls erh\u00e4ltlich. Sonnenschirme sollten ebenfalls eingelagert werden, auch wenn manche Produktvarianten laut Herstellerangaben wetterfest sind. Weniger empfindlich ist hingegen der Schirmst\u00e4nder, vor allem aus Beton oder Granit. Sitzpolster und Kissen sollten auf gar keinen Fall den Elementen ausgesetzt sein. Dekorationselemente, kleine Wasserspiele oder Grills \u00fcberwintern auch besser im Keller oder im Schuppen, vorher sollten sie aber gereinigt werden.<\/p>\n<\/div><div class=\"fsn-text fsn-6a96bc275c5f0\">\n<h2>Markisen und Sonnensegel<\/h2>\n<p>Da Markisen und Sonnensegel im Winter nicht ben\u00f6tigt werden, sollten Markisen vollst\u00e4ndig eingerollt und Sonnensegel abgenommen werden. Die Markise muss vor dem Einrollen von Vogelkot und anderem Schmutz befreit und mit einer B\u00fcrste und einer milden Seifenlauge gereinigt werden. Anschlie\u00dfend die Markise vollst\u00e4ndig trocknen lassen, da es andernfalls zu Schimmelbildung kommen kann. Danach kann die Markise mit einer Plane abgedeckt werden.<\/p>\n<p>Grunds\u00e4tzlich sollten sie sich um den Schutz ihrer Terrasse fr\u00fchzeitig k\u00fcmmern, da manche Vorg\u00e4nge zeitintensiver als andere sind.<\/p>\n<\/div><\/div><\/div><\/div><\/div><\/div>\n\r\n\t\t<style>\r\n\t\t\t.huge-it-share-buttons {\r\n\t\t\t\tborder:0px solid #0FB5D6;\r\n\t\t\t\tborder-radius:5px;\r\n\t\t\t\tbackground:#3BD8FF;\r\n\t\t\t text-align:left; \t\t\t\t\t\t\t\t\t}\r\n\r\n\t\t\t#huge-it-share-buttons-top {margin-bottom:0px;}\r\n\t\t\t#huge-it-share-buttons-bottom {margin-top:0px;}\r\n\r\n\t\t\t.huge-it-share-buttons h3 {\r\n\t\t\t\tfont-size:25px ;\r\n\t\t\t\tfont-family:Arial,Helvetica Neue,Helvetica,sans-serif;\r\n\t\t\t\tcolor:#666666;\r\n\r\n\t\t\tdisplay:block;\t\t\t\tline-height:25px ;\r\n\r\n\t\t\t text-align:left; \t\t\t\t\t\t\t\t\t}\r\n\r\n\t\t\t.huge-it-share-buttons ul {\r\n\t\t\t float:left; \t\t\t\t\t\t\t\t\t}\r\n\r\n\t\t\t.huge-it-share-buttons ul li {\r\n\t\t\t\tmargin-left:3px;\r\n\t\t\t\tmargin-right:3px;\r\n\t\t\t\tpadding:0px;\r\n\t\t\t\tborder:0px ridge #E6354C;\r\n\t\t\t\tborder-radius:11px;\r\n\t\t\t\tbackground-color:#14CC9B;\r\n\t\t\t}\r\n\r\n\t\t\t.huge-it-share-buttons ul li #backforunical370 {\r\n\t\t\t\tborder-bottom: 0;\r\n\t\t\t\tbackground-image:url('https:\/\/www.woodi24.de\/blog\/wp-content\/plugins\/wp-share-buttons\/Front_end\/..\/images\/buttons.20.png');\r\n\t\t\t\twidth:20px;\r\n\t\t\t\theight:20px;\r\n\t\t\t}\r\n\r\n\t\t\t.front-shares-count {\r\n\t\t\t\tposition: absolute;\r\n\t\t\t\ttext-align: center;\r\n\t\t\t\tdisplay: block;\r\n\t\t\t}\r\n\r\n\t\t\t.shares_size20 .front-shares-count {\r\n\t\t\t\tfont-size: 10px;\r\n\t\t\t\ttop: 10px;\r\n\t\t\t\twidth: 20px;\r\n\t\t\t}\r\n\r\n\t\t\t.shares_size30 .front-shares-count {\r\n\t\t\t\tfont-size: 11px;\r\n\t\t\t\ttop: 15px;\r\n\t\t\t\twidth: 30px;\r\n\t\t\t}\r\n\r\n\t\t\t.shares_size40 .front-shares-count {\r\n\t\t\t\tfont-size: 12px;\r\n\t\t\t\ttop: 21px;\r\n\t\t\t\twidth: 40px;\r\n\t\t\t}\r\n\t\t<\/style>\r\n\t\t\r\n\t\t<div id=\"huge-it-share-buttons-top\" class=\"huge-it-share-buttons nobackground\">\r\n\t\t\t<h3>Share This:<\/h3>\r\n\t\t\t<ul class=\"huge-it-share-buttons-list \">\r\n\t\t\t\t\t\t\t\t\t<li class=\"nobackground \" >\r\n\r\n\t\t\t\t\t\t\t\t\t\t\t\t<a id=\"backforunical370\" href=\"https:\/\/www.facebook.com\/sharer\/sharer.php?u=www.woodi24.de\/blog\/wp-json\/wp\/v2\/posts\/370\"  onclick=\"javascript:void window.open('https:\/\/www.facebook.com\/sharer\/sharer.php?u=www.woodi24.de\/blog\/wp-json\/wp\/v2\/posts\/370','1410949501326','width=700,height=500,toolbar=0,menubar=0,location=0,status=1,scrollbars=1,resizable=1,left=0,top=0');return false;\" style=\"background-position: -0px -80px \"><\/a>\r\n\t\t\t\t\t<\/li>\r\n\t\t\t\t\t\t\t\t\t\t<li class=\"nobackground \" >\r\n\r\n\t\t\t\t\t\t\t\t\t\t\t\t<a id=\"backforunical370\" href=\"https:\/\/twitter.com\/share?status=www.woodi24.de\/blog\/wp-json\/wp\/v2\/posts\/370&text=Terrassen und Gartenm\u00f6bel winterfest machen\"  onclick=\"javascript:void window.open('https:\/\/twitter.com\/share?status=www.woodi24.de\/blog\/wp-json\/wp\/v2\/posts\/370&text=Terrassen und Gartenm\u00f6bel winterfest machen','1410949501326','width=700,height=500,toolbar=0,menubar=0,location=0,status=1,scrollbars=1,resizable=1,left=0,top=0');return false;\" style=\"background-position: -20px -80px \"><\/a>\r\n\t\t\t\t\t<\/li>\r\n\t\t\t\t\t\t\t\t\t\t<li class=\"none nobackground \" >\r\n\r\n\t\t\t\t\t\t\t\t\t\t\t\t<a id=\"backforunical370\" href=\"http:\/\/www.pinterest.com\/pin\/create\/button\/?url=www.woodi24.de\/blog\/wp-json\/wp\/v2\/posts\/370&media=https:\/\/www.woodi24.de\/blog\/wp-content\/plugins\/wp-share-buttons\/Front_end\/..\/images\/noimage.png&description=Terrassen und Gartenm\u00f6bel winterfest machen\"  onclick=\"javascript:void window.open('http:\/\/www.pinterest.com\/pin\/create\/button\/?url=www.woodi24.de\/blog\/wp-json\/wp\/v2\/posts\/370&media=https:\/\/www.woodi24.de\/blog\/wp-content\/plugins\/wp-share-buttons\/Front_end\/..\/images\/noimage.png&description=Terrassen und Gartenm\u00f6bel winterfest machen','1410949501326','width=700,height=500,toolbar=0,menubar=0,location=0,status=1,scrollbars=1,resizable=1,left=0,top=0');return false;\" style=\"background-position: -40px -80px \"><\/a>\r\n\t\t\t\t\t<\/li>\r\n\t\t\t\t\t\t\t\t\t\t<li class=\"nobackground \" >\r\n\r\n\t\t\t\t\t\t\t\t\t\t\t\t<a id=\"backforunical370\" href=\"https:\/\/plus.google.com\/share?url=www.woodi24.de\/blog\/wp-json\/wp\/v2\/posts\/370\"  onclick=\"javascript:void window.open('https:\/\/plus.google.com\/share?url=www.woodi24.de\/blog\/wp-json\/wp\/v2\/posts\/370','1410949501326','width=700,height=500,toolbar=0,menubar=0,location=0,status=1,scrollbars=1,resizable=1,left=0,top=0');return false;\" style=\"background-position: -60px -80px \"><\/a>\r\n\t\t\t\t\t<\/li>\r\n\t\t\t\t\t\t\t\t\t\t<li class=\"none nobackground \" >\r\n\r\n\t\t\t\t\t\t\t\t\t\t\t\t<a id=\"backforunical370\" href=\"https:\/\/www.linkedin.com\/shareArticle?title=Terrassen und Gartenm\u00f6bel winterfest machen&mini=true&url=https:\/\/www.woodi24.de\/blog\/wp-json\/wp\/v2\/posts\/370\"  onclick=\"javascript:void window.open('https:\/\/www.linkedin.com\/shareArticle?title=Terrassen und Gartenm\u00f6bel winterfest machen&mini=true&url=https:\/\/www.woodi24.de\/blog\/wp-json\/wp\/v2\/posts\/370','1410949501326','width=700,height=500,toolbar=0,menubar=0,location=0,status=1,scrollbars=1,resizable=1,left=0,top=0');return false;\" style=\"background-position: -80px -80px \"><\/a>\r\n\t\t\t\t\t<\/li>\r\n\t\t\t\t\t\t\t\t\t\t<li class=\"none nobackground \" >\r\n\r\n\t\t\t\t\t\t\t\t\t\t\t\t<a id=\"backforunical370\" href=\"https:\/\/www.tumblr.com\/share\/link?url=www.woodi24.de\/blog\/wp-json\/wp\/v2\/posts\/370&name=Terrassen und Gartenm\u00f6bel winterfest machen\"  onclick=\"javascript:void window.open('https:\/\/www.tumblr.com\/share\/link?url=www.woodi24.de\/blog\/wp-json\/wp\/v2\/posts\/370&name=Terrassen und Gartenm\u00f6bel winterfest machen','1410949501326','width=700,height=500,toolbar=0,menubar=0,location=0,status=1,scrollbars=1,resizable=1,left=0,top=0');return false;\" style=\"background-position: -100px -80px \"><\/a>\r\n\t\t\t\t\t<\/li>\r\n\t\t\t\t\t\t\t\t\t\t<li class=\"none nobackground \" >\r\n\r\n\t\t\t\t\t\t\t\t\t\t\t\t<a id=\"backforunical370\" href=\"http:\/\/digg.com\/submit?phase=2&url=www.woodi24.de\/blog\/wp-json\/wp\/v2\/posts\/370&title=Terrassen und Gartenm\u00f6bel winterfest machen\"  onclick=\"javascript:void window.open('http:\/\/digg.com\/submit?phase=2&url=www.woodi24.de\/blog\/wp-json\/wp\/v2\/posts\/370&title=Terrassen und Gartenm\u00f6bel winterfest machen','1410949501326','width=700,height=500,toolbar=0,menubar=0,location=0,status=1,scrollbars=1,resizable=1,left=0,top=0');return false;\" style=\"background-position: -120px -80px \"><\/a>\r\n\t\t\t\t\t<\/li>\r\n\t\t\t\t\t\t\t\t\t\t<li class=\"none nobackground \" >\r\n\r\n\t\t\t\t\t\t\t\t\t\t\t\t<a id=\"backforunical370\" href=\"http:\/\/www.stumbleupon.com\/submit?url=www.woodi24.de\/blog\/wp-json\/wp\/v2\/posts\/370&title=Terrassen und Gartenm\u00f6bel winterfest machen\"  onclick=\"javascript:void window.open('http:\/\/www.stumbleupon.com\/submit?url=www.woodi24.de\/blog\/wp-json\/wp\/v2\/posts\/370&title=Terrassen und Gartenm\u00f6bel winterfest machen','1410949501326','width=700,height=500,toolbar=0,menubar=0,location=0,status=1,scrollbars=1,resizable=1,left=0,top=0');return false;\" style=\"background-position: -140px -80px \"><\/a>\r\n\t\t\t\t\t<\/li>\r\n\t\t\t\t\t\t\t\t\t\t<li class=\"none nobackground \" >\r\n\r\n\t\t\t\t\t\t\t\t\t\t\t\t<a id=\"backforunical370\" href=\"https:\/\/myspace.com\/post?l=3&u=www.woodi24.de\/blog\/wp-json\/wp\/v2\/posts\/370\"  onclick=\"javascript:void window.open('https:\/\/myspace.com\/post?l=3&u=www.woodi24.de\/blog\/wp-json\/wp\/v2\/posts\/370','1410949501326','width=700,height=500,toolbar=0,menubar=0,location=0,status=1,scrollbars=1,resizable=1,left=0,top=0');return false;\" style=\"background-position: -160px -80px \"><\/a>\r\n\t\t\t\t\t<\/li>\r\n\t\t\t\t\t\t\t\t\t\t<li class=\"none nobackground \" >\r\n\r\n\t\t\t\t\t\t\t\t\t\t\t\t<a id=\"backforunical370\" href=\"http:\/\/vk.com\/share.php?url=www.woodi24.de\/blog\/wp-json\/wp\/v2\/posts\/370&title=Terrassen und Gartenm\u00f6bel winterfest machen\"  onclick=\"javascript:void window.open('http:\/\/vk.com\/share.php?url=www.woodi24.de\/blog\/wp-json\/wp\/v2\/posts\/370&title=Terrassen und Gartenm\u00f6bel winterfest machen','1410949501326','width=700,height=500,toolbar=0,menubar=0,location=0,status=1,scrollbars=1,resizable=1,left=0,top=0');return false;\" style=\"background-position: -180px -80px \"><\/a>\r\n\t\t\t\t\t<\/li>\r\n\t\t\t\t\t\t\t\t\t\t<li class=\"none nobackground \" >\r\n\r\n\t\t\t\t\t\t\t\t\t\t\t\t<a id=\"backforunical370\" href=\"http:\/\/www.reddit.com\/submit?url=www.woodi24.de\/blog\/wp-json\/wp\/v2\/posts\/370&title=Terrassen und Gartenm\u00f6bel winterfest machen\"  onclick=\"javascript:void window.open('http:\/\/www.reddit.com\/submit?url=www.woodi24.de\/blog\/wp-json\/wp\/v2\/posts\/370&title=Terrassen und Gartenm\u00f6bel winterfest machen','1410949501326','width=700,height=500,toolbar=0,menubar=0,location=0,status=1,scrollbars=1,resizable=1,left=0,top=0');return false;\" style=\"background-position: -200px -80px \"><\/a>\r\n\t\t\t\t\t<\/li>\r\n\t\t\t\t\t\t\t\t\t\t<li class=\"none nobackground \" >\r\n\r\n\t\t\t\t\t\t\t\t\t\t\t\t<a id=\"backforunical370\" href=\"http:\/\/www.bebo.com\/c\/share?Url=www.woodi24.de\/blog\/wp-json\/wp\/v2\/posts\/370\"  onclick=\"javascript:void window.open('http:\/\/www.bebo.com\/c\/share?Url=www.woodi24.de\/blog\/wp-json\/wp\/v2\/posts\/370','1410949501326','width=700,height=500,toolbar=0,menubar=0,location=0,status=1,scrollbars=1,resizable=1,left=0,top=0');return false;\" style=\"background-position: -220px -80px \"><\/a>\r\n\t\t\t\t\t<\/li>\r\n\t\t\t\t\t\t\t\t\t\t<li class=\"none nobackground \" >\r\n\r\n\t\t\t\t\t\t\t\t\t\t\t\t<a id=\"backforunical370\" href=\"https:\/\/delicious.com\/save?v=5&noui&jump=close&url=www.woodi24.de\/blog\/wp-json\/wp\/v2\/posts\/370&title=Terrassen und Gartenm\u00f6bel winterfest machen\"  onclick=\"javascript:void window.open('https:\/\/delicious.com\/save?v=5&noui&jump=close&url=www.woodi24.de\/blog\/wp-json\/wp\/v2\/posts\/370&title=Terrassen und Gartenm\u00f6bel winterfest machen','1410949501326','width=700,height=500,toolbar=0,menubar=0,location=0,status=1,scrollbars=1,resizable=1,left=0,top=0');return false;\" style=\"background-position: -240px -80px \"><\/a>\r\n\t\t\t\t\t<\/li>\r\n\t\t\t\t\t\t\t\t\t\t<li class=\"none nobackground \" >\r\n\r\n\t\t\t\t\t\t\t\t\t\t\t\t<a id=\"backforunical370\" href=\"http:\/\/www.odnoklassniki.ru\/dk?st.cmd=addShare&st.s=2&st.noresize=on&st._surl=www.woodi24.de\/blog\/wp-json\/wp\/v2\/posts\/370\"  onclick=\"javascript:void window.open('http:\/\/www.odnoklassniki.ru\/dk?st.cmd=addShare&st.s=2&st.noresize=on&st._surl=www.woodi24.de\/blog\/wp-json\/wp\/v2\/posts\/370','1410949501326','width=700,height=500,toolbar=0,menubar=0,location=0,status=1,scrollbars=1,resizable=1,left=0,top=0');return false;\" style=\"background-position: -260px -80px \"><\/a>\r\n\t\t\t\t\t<\/li>\r\n\t\t\t\t\t\t\t\t\t\t<li class=\"none nobackground \" >\r\n\r\n\t\t\t\t\t\t\t\t\t\t\t\t<a id=\"backforunical370\" href=\"http:\/\/sns.qzone.qq.com\/cgi-bin\/qzshare\/cgi_qzshare_onekey?url=www.woodi24.de\/blog\/wp-json\/wp\/v2\/posts\/370&title=Terrassen und Gartenm\u00f6bel winterfest machen\"  onclick=\"javascript:void window.open('http:\/\/sns.qzone.qq.com\/cgi-bin\/qzshare\/cgi_qzshare_onekey?url=www.woodi24.de\/blog\/wp-json\/wp\/v2\/posts\/370&title=Terrassen und Gartenm\u00f6bel winterfest machen','1410949501326','width=700,height=500,toolbar=0,menubar=0,location=0,status=1,scrollbars=1,resizable=1,left=0,top=0');return false;\" style=\"background-position: -280px -80px \"><\/a>\r\n\t\t\t\t\t<\/li>\r\n\t\t\t\t\t\t\t\t\t\t<li class=\"none nobackground \" >\r\n\r\n\t\t\t\t\t\t\t\t\t\t\t\t<a id=\"backforunical370\" href=\"http:\/\/service.weibo.com\/share\/share.php?url=www.woodi24.de\/blog\/wp-json\/wp\/v2\/posts\/370&appkey=&title=Terrassen und Gartenm\u00f6bel winterfest machen&pic=&ralateUid=&\"  onclick=\"javascript:void window.open('http:\/\/service.weibo.com\/share\/share.php?url=www.woodi24.de\/blog\/wp-json\/wp\/v2\/posts\/370&appkey=&title=Terrassen und Gartenm\u00f6bel winterfest machen&pic=&ralateUid=&','1410949501326','width=700,height=500,toolbar=0,menubar=0,location=0,status=1,scrollbars=1,resizable=1,left=0,top=0');return false;\" style=\"background-position: -300px -80px \"><\/a>\r\n\t\t\t\t\t<\/li>\r\n\t\t\t\t\t\t\t\t\t\t<li class=\"none nobackground \" >\r\n\r\n\t\t\t\t\t\t\t\t\t\t\t\t<a id=\"backforunical370\" href=\"http:\/\/widget.renren.com\/dialog\/share?resourceUrl=www.woodi24.de\/blog\/wp-json\/wp\/v2\/posts\/370&srcUrl=www.woodi24.de\/blog\/wp-json\/wp\/v2\/posts\/370&title=Terrassen und Gartenm\u00f6bel winterfest machen\"  onclick=\"javascript:void window.open('http:\/\/widget.renren.com\/dialog\/share?resourceUrl=www.woodi24.de\/blog\/wp-json\/wp\/v2\/posts\/370&srcUrl=www.woodi24.de\/blog\/wp-json\/wp\/v2\/posts\/370&title=Terrassen und Gartenm\u00f6bel winterfest machen','1410949501326','width=700,height=500,toolbar=0,menubar=0,location=0,status=1,scrollbars=1,resizable=1,left=0,top=0');return false;\" style=\"background-position: -320px -80px \"><\/a>\r\n\t\t\t\t\t<\/li>\r\n\t\t\t\t\t\t\t\t\t\t<li class=\"none nobackground \" >\r\n\r\n\t\t\t\t\t\t\t\t\t\t\t\t<a id=\"backforunical370\" href=\"http:\/\/n4g.com\/tips?url=www.woodi24.de\/blog\/wp-json\/wp\/v2\/posts\/370&title=Terrassen und Gartenm\u00f6bel winterfest machen\"  onclick=\"javascript:void window.open('http:\/\/n4g.com\/tips?url=www.woodi24.de\/blog\/wp-json\/wp\/v2\/posts\/370&title=Terrassen und Gartenm\u00f6bel winterfest machen','1410949501326','width=700,height=500,toolbar=0,menubar=0,location=0,status=1,scrollbars=1,resizable=1,left=0,top=0');return false;\" style=\"background-position: -340px -80px \"><\/a>\r\n\t\t\t\t\t<\/li>\r\n\t\t\t\t\t\t\t\t<\/ul>\r\n\t\t\t<div class=\"clear\"><\/div>\r\n\t\t<\/div>\r\n\t\t","protected":false},"excerpt":{"rendered":"<p>Share This:<\/p>\n","protected":false},"author":4,"featured_media":0,"comment_status":"open","ping_status":"open","sticky":false,"template":"","format":"standard","meta":{"footnotes":""},"categories":[6],"tags":[],"class_list":["post-370","post","type-post","status-publish","format-standard","hentry","category-holz-im-garten"],"yoast_head":"<!-- This site is optimized with the Yoast SEO plugin v27.8 - https:\/\/yoast.com\/product\/yoast-seo-wordpress\/ -->\n<title>Terrassen und Gartenm\u00f6bel winterfest machen | Ratgeber<\/title>\n<meta name=\"description\" content=\"Der Winter stellt Ihre Terrasse durch Witterung, Frost und Feuchtigkeit auf eine Harte Probe. So machen Sie Dielen und Mobiliar winterfest..\" \/>\n<meta name=\"robots\" content=\"index, follow, max-snippet:-1, max-image-preview:large, max-video-preview:-1\" \/>\n<link rel=\"canonical\" href=\"https:\/\/www.woodi24.de\/blog\/terrassen-und-gartenmoebel-winterfest-machen\/\" \/>\n<meta property=\"og:locale\" content=\"de_DE\" \/>\n<meta property=\"og:type\" content=\"article\" \/>\n<meta property=\"og:title\" content=\"Terrassen und Gartenm\u00f6bel winterfest machen | Ratgeber\" \/>\n<meta property=\"og:description\" content=\"Der Winter stellt Ihre Terrasse durch Witterung, Frost und Feuchtigkeit auf eine Harte Probe. So machen Sie Dielen und Mobiliar winterfest..\" \/>\n<meta property=\"og:url\" content=\"https:\/\/www.woodi24.de\/blog\/terrassen-und-gartenmoebel-winterfest-machen\/\" \/>\n<meta property=\"og:site_name\" content=\"Ratgeber\" \/>\n<meta property=\"article:publisher\" content=\"https:\/\/www.facebook.com\/woodi24\" \/>\n<meta property=\"article:published_time\" content=\"2017-05-26T08:27:06+00:00\" \/>\n<meta name=\"author\" content=\"Rafael Leischner\" \/>\n<meta name=\"twitter:card\" content=\"summary_large_image\" \/>\n<meta name=\"twitter:creator\" content=\"@Woodi24de\" \/>\n<meta name=\"twitter:site\" content=\"@Woodi24de\" \/>\n<meta name=\"twitter:label1\" content=\"Verfasst von\" \/>\n\t<meta name=\"twitter:data1\" content=\"Rafael Leischner\" \/>\n\t<meta name=\"twitter:label2\" content=\"Gesch\u00e4tzte Lesezeit\" \/>\n\t<meta name=\"twitter:data2\" content=\"3\u00a0Minuten\" \/>\n<script type=\"application\/ld+json\" class=\"yoast-schema-graph\">{\"@context\":\"https:\\\/\\\/schema.org\",\"@graph\":[{\"@type\":\"Article\",\"@id\":\"https:\\\/\\\/www.woodi24.de\\\/blog\\\/terrassen-und-gartenmoebel-winterfest-machen\\\/#article\",\"isPartOf\":{\"@id\":\"https:\\\/\\\/www.woodi24.de\\\/blog\\\/terrassen-und-gartenmoebel-winterfest-machen\\\/\"},\"author\":{\"name\":\"Rafael Leischner\",\"@id\":\"https:\\\/\\\/www.woodi24.de\\\/blog\\\/#\\\/schema\\\/person\\\/bd2921d7d141a5aa796e76899a2b6c68\"},\"headline\":\"Terrassen und Gartenm\u00f6bel winterfest machen\",\"datePublished\":\"2017-05-26T08:27:06+00:00\",\"mainEntityOfPage\":{\"@id\":\"https:\\\/\\\/www.woodi24.de\\\/blog\\\/terrassen-und-gartenmoebel-winterfest-machen\\\/\"},\"wordCount\":612,\"commentCount\":0,\"publisher\":{\"@id\":\"https:\\\/\\\/www.woodi24.de\\\/blog\\\/#organization\"},\"articleSection\":[\"Holz im Garten\"],\"inLanguage\":\"de\",\"potentialAction\":[{\"@type\":\"CommentAction\",\"name\":\"Comment\",\"target\":[\"https:\\\/\\\/www.woodi24.de\\\/blog\\\/terrassen-und-gartenmoebel-winterfest-machen\\\/#respond\"]}]},{\"@type\":\"WebPage\",\"@id\":\"https:\\\/\\\/www.woodi24.de\\\/blog\\\/terrassen-und-gartenmoebel-winterfest-machen\\\/\",\"url\":\"https:\\\/\\\/www.woodi24.de\\\/blog\\\/terrassen-und-gartenmoebel-winterfest-machen\\\/\",\"name\":\"Terrassen und Gartenm\u00f6bel winterfest machen | Ratgeber\",\"isPartOf\":{\"@id\":\"https:\\\/\\\/www.woodi24.de\\\/blog\\\/#website\"},\"datePublished\":\"2017-05-26T08:27:06+00:00\",\"description\":\"Der Winter stellt Ihre Terrasse durch Witterung, Frost und Feuchtigkeit auf eine Harte Probe. So machen Sie Dielen und Mobiliar winterfest..\",\"breadcrumb\":{\"@id\":\"https:\\\/\\\/www.woodi24.de\\\/blog\\\/terrassen-und-gartenmoebel-winterfest-machen\\\/#breadcrumb\"},\"inLanguage\":\"de\",\"potentialAction\":[{\"@type\":\"ReadAction\",\"target\":[\"https:\\\/\\\/www.woodi24.de\\\/blog\\\/terrassen-und-gartenmoebel-winterfest-machen\\\/\"]}]},{\"@type\":\"BreadcrumbList\",\"@id\":\"https:\\\/\\\/www.woodi24.de\\\/blog\\\/terrassen-und-gartenmoebel-winterfest-machen\\\/#breadcrumb\",\"itemListElement\":[{\"@type\":\"ListItem\",\"position\":1,\"name\":\"Startseite\",\"item\":\"https:\\\/\\\/www.woodi24.de\\\/blog\\\/\"},{\"@type\":\"ListItem\",\"position\":2,\"name\":\"Terrassen und Gartenm\u00f6bel winterfest machen\"}]},{\"@type\":\"WebSite\",\"@id\":\"https:\\\/\\\/www.woodi24.de\\\/blog\\\/#website\",\"url\":\"https:\\\/\\\/www.woodi24.de\\\/blog\\\/\",\"name\":\"Ratgeber\",\"description\":\"\",\"publisher\":{\"@id\":\"https:\\\/\\\/www.woodi24.de\\\/blog\\\/#organization\"},\"potentialAction\":[{\"@type\":\"SearchAction\",\"target\":{\"@type\":\"EntryPoint\",\"urlTemplate\":\"https:\\\/\\\/www.woodi24.de\\\/blog\\\/?s={search_term_string}\"},\"query-input\":{\"@type\":\"PropertyValueSpecification\",\"valueRequired\":true,\"valueName\":\"search_term_string\"}}],\"inLanguage\":\"de\"},{\"@type\":\"Organization\",\"@id\":\"https:\\\/\\\/www.woodi24.de\\\/blog\\\/#organization\",\"name\":\"woodi24.de\",\"url\":\"https:\\\/\\\/www.woodi24.de\\\/blog\\\/\",\"logo\":{\"@type\":\"ImageObject\",\"inLanguage\":\"de\",\"@id\":\"https:\\\/\\\/www.woodi24.de\\\/blog\\\/#\\\/schema\\\/logo\\\/image\\\/\",\"url\":\"https:\\\/\\\/www.woodi24.de\\\/blog\\\/wp-content\\\/uploads\\\/2016\\\/12\\\/cropped-woodi-de-1.jpg\",\"contentUrl\":\"https:\\\/\\\/www.woodi24.de\\\/blog\\\/wp-content\\\/uploads\\\/2016\\\/12\\\/cropped-woodi-de-1.jpg\",\"width\":248,\"height\":38,\"caption\":\"woodi24.de\"},\"image\":{\"@id\":\"https:\\\/\\\/www.woodi24.de\\\/blog\\\/#\\\/schema\\\/logo\\\/image\\\/\"},\"sameAs\":[\"https:\\\/\\\/www.facebook.com\\\/woodi24\",\"https:\\\/\\\/x.com\\\/Woodi24de\"]},{\"@type\":\"Person\",\"@id\":\"https:\\\/\\\/www.woodi24.de\\\/blog\\\/#\\\/schema\\\/person\\\/bd2921d7d141a5aa796e76899a2b6c68\",\"name\":\"Rafael Leischner\",\"image\":{\"@type\":\"ImageObject\",\"inLanguage\":\"de\",\"@id\":\"https:\\\/\\\/secure.gravatar.com\\\/avatar\\\/4ec6f4f5480718bd0e85922eb26e9bfd53fd33ed7e19edea093db5eab5aef725?s=96&d=mm&r=g\",\"url\":\"https:\\\/\\\/secure.gravatar.com\\\/avatar\\\/4ec6f4f5480718bd0e85922eb26e9bfd53fd33ed7e19edea093db5eab5aef725?s=96&d=mm&r=g\",\"contentUrl\":\"https:\\\/\\\/secure.gravatar.com\\\/avatar\\\/4ec6f4f5480718bd0e85922eb26e9bfd53fd33ed7e19edea093db5eab5aef725?s=96&d=mm&r=g\",\"caption\":\"Rafael Leischner\"},\"url\":\"https:\\\/\\\/www.woodi24.de\\\/blog\\\/author\\\/rafael\\\/\"}]}<\/script>\n<!-- \/ Yoast SEO plugin. -->","yoast_head_json":{"title":"Terrassen und Gartenm\u00f6bel winterfest machen | Ratgeber","description":"Der Winter stellt Ihre Terrasse durch Witterung, Frost und Feuchtigkeit auf eine Harte Probe. So machen Sie Dielen und Mobiliar winterfest..","robots":{"index":"index","follow":"follow","max-snippet":"max-snippet:-1","max-image-preview":"max-image-preview:large","max-video-preview":"max-video-preview:-1"},"canonical":"https:\/\/www.woodi24.de\/blog\/terrassen-und-gartenmoebel-winterfest-machen\/","og_locale":"de_DE","og_type":"article","og_title":"Terrassen und Gartenm\u00f6bel winterfest machen | Ratgeber","og_description":"Der Winter stellt Ihre Terrasse durch Witterung, Frost und Feuchtigkeit auf eine Harte Probe. So machen Sie Dielen und Mobiliar winterfest..","og_url":"https:\/\/www.woodi24.de\/blog\/terrassen-und-gartenmoebel-winterfest-machen\/","og_site_name":"Ratgeber","article_publisher":"https:\/\/www.facebook.com\/woodi24","article_published_time":"2017-05-26T08:27:06+00:00","author":"Rafael Leischner","twitter_card":"summary_large_image","twitter_creator":"@Woodi24de","twitter_site":"@Woodi24de","twitter_misc":{"Verfasst von":"Rafael Leischner","Gesch\u00e4tzte Lesezeit":"3\u00a0Minuten"},"schema":{"@context":"https:\/\/schema.org","@graph":[{"@type":"Article","@id":"https:\/\/www.woodi24.de\/blog\/terrassen-und-gartenmoebel-winterfest-machen\/#article","isPartOf":{"@id":"https:\/\/www.woodi24.de\/blog\/terrassen-und-gartenmoebel-winterfest-machen\/"},"author":{"name":"Rafael Leischner","@id":"https:\/\/www.woodi24.de\/blog\/#\/schema\/person\/bd2921d7d141a5aa796e76899a2b6c68"},"headline":"Terrassen und Gartenm\u00f6bel winterfest machen","datePublished":"2017-05-26T08:27:06+00:00","mainEntityOfPage":{"@id":"https:\/\/www.woodi24.de\/blog\/terrassen-und-gartenmoebel-winterfest-machen\/"},"wordCount":612,"commentCount":0,"publisher":{"@id":"https:\/\/www.woodi24.de\/blog\/#organization"},"articleSection":["Holz im Garten"],"inLanguage":"de","potentialAction":[{"@type":"CommentAction","name":"Comment","target":["https:\/\/www.woodi24.de\/blog\/terrassen-und-gartenmoebel-winterfest-machen\/#respond"]}]},{"@type":"WebPage","@id":"https:\/\/www.woodi24.de\/blog\/terrassen-und-gartenmoebel-winterfest-machen\/","url":"https:\/\/www.woodi24.de\/blog\/terrassen-und-gartenmoebel-winterfest-machen\/","name":"Terrassen und Gartenm\u00f6bel winterfest machen | Ratgeber","isPartOf":{"@id":"https:\/\/www.woodi24.de\/blog\/#website"},"datePublished":"2017-05-26T08:27:06+00:00","description":"Der Winter stellt Ihre Terrasse durch Witterung, Frost und Feuchtigkeit auf eine Harte Probe. So machen Sie Dielen und Mobiliar winterfest..","breadcrumb":{"@id":"https:\/\/www.woodi24.de\/blog\/terrassen-und-gartenmoebel-winterfest-machen\/#breadcrumb"},"inLanguage":"de","potentialAction":[{"@type":"ReadAction","target":["https:\/\/www.woodi24.de\/blog\/terrassen-und-gartenmoebel-winterfest-machen\/"]}]},{"@type":"BreadcrumbList","@id":"https:\/\/www.woodi24.de\/blog\/terrassen-und-gartenmoebel-winterfest-machen\/#breadcrumb","itemListElement":[{"@type":"ListItem","position":1,"name":"Startseite","item":"https:\/\/www.woodi24.de\/blog\/"},{"@type":"ListItem","position":2,"name":"Terrassen und Gartenm\u00f6bel winterfest machen"}]},{"@type":"WebSite","@id":"https:\/\/www.woodi24.de\/blog\/#website","url":"https:\/\/www.woodi24.de\/blog\/","name":"Ratgeber","description":"","publisher":{"@id":"https:\/\/www.woodi24.de\/blog\/#organization"},"potentialAction":[{"@type":"SearchAction","target":{"@type":"EntryPoint","urlTemplate":"https:\/\/www.woodi24.de\/blog\/?s={search_term_string}"},"query-input":{"@type":"PropertyValueSpecification","valueRequired":true,"valueName":"search_term_string"}}],"inLanguage":"de"},{"@type":"Organization","@id":"https:\/\/www.woodi24.de\/blog\/#organization","name":"woodi24.de","url":"https:\/\/www.woodi24.de\/blog\/","logo":{"@type":"ImageObject","inLanguage":"de","@id":"https:\/\/www.woodi24.de\/blog\/#\/schema\/logo\/image\/","url":"https:\/\/www.woodi24.de\/blog\/wp-content\/uploads\/2016\/12\/cropped-woodi-de-1.jpg","contentUrl":"https:\/\/www.woodi24.de\/blog\/wp-content\/uploads\/2016\/12\/cropped-woodi-de-1.jpg","width":248,"height":38,"caption":"woodi24.de"},"image":{"@id":"https:\/\/www.woodi24.de\/blog\/#\/schema\/logo\/image\/"},"sameAs":["https:\/\/www.facebook.com\/woodi24","https:\/\/x.com\/Woodi24de"]},{"@type":"Person","@id":"https:\/\/www.woodi24.de\/blog\/#\/schema\/person\/bd2921d7d141a5aa796e76899a2b6c68","name":"Rafael Leischner","image":{"@type":"ImageObject","inLanguage":"de","@id":"https:\/\/secure.gravatar.com\/avatar\/4ec6f4f5480718bd0e85922eb26e9bfd53fd33ed7e19edea093db5eab5aef725?s=96&d=mm&r=g","url":"https:\/\/secure.gravatar.com\/avatar\/4ec6f4f5480718bd0e85922eb26e9bfd53fd33ed7e19edea093db5eab5aef725?s=96&d=mm&r=g","contentUrl":"https:\/\/secure.gravatar.com\/avatar\/4ec6f4f5480718bd0e85922eb26e9bfd53fd33ed7e19edea093db5eab5aef725?s=96&d=mm&r=g","caption":"Rafael Leischner"},"url":"https:\/\/www.woodi24.de\/blog\/author\/rafael\/"}]}},"_links":{"self":[{"href":"https:\/\/www.woodi24.de\/blog\/wp-json\/wp\/v2\/posts\/370","targetHints":{"allow":["GET"]}}],"collection":[{"href":"https:\/\/www.woodi24.de\/blog\/wp-json\/wp\/v2\/posts"}],"about":[{"href":"https:\/\/www.woodi24.de\/blog\/wp-json\/wp\/v2\/types\/post"}],"author":[{"embeddable":true,"href":"https:\/\/www.woodi24.de\/blog\/wp-json\/wp\/v2\/users\/4"}],"replies":[{"embeddable":true,"href":"https:\/\/www.woodi24.de\/blog\/wp-json\/wp\/v2\/comments?post=370"}],"version-history":[{"count":1,"href":"https:\/\/www.woodi24.de\/blog\/wp-json\/wp\/v2\/posts\/370\/revisions"}],"predecessor-version":[{"id":371,"href":"https:\/\/www.woodi24.de\/blog\/wp-json\/wp\/v2\/posts\/370\/revisions\/371"}],"wp:attachment":[{"href":"https:\/\/www.woodi24.de\/blog\/wp-json\/wp\/v2\/media?parent=370"}],"wp:term":[{"taxonomy":"category","embeddable":true,"href":"https:\/\/www.woodi24.de\/blog\/wp-json\/wp\/v2\/categories?post=370"},{"taxonomy":"post_tag","embeddable":true,"href":"https:\/\/www.woodi24.de\/blog\/wp-json\/wp\/v2\/tags?post=370"}],"curies":[{"name":"wp","href":"https:\/\/api.w.org\/{rel}","templated":true}]}}